{"id":1820,"date":"2025-03-06T16:40:10","date_gmt":"2025-03-06T16:40:10","guid":{"rendered":"https:\/\/www.lesmilleherons.fr\/?p=1820"},"modified":"2025-03-06T16:40:10","modified_gmt":"2025-03-06T16:40:10","slug":"le-theatre-amateur","status":"publish","type":"post","link":"https:\/\/www.lesmilleherons.fr\/?p=1820","title":{"rendered":"Le Th\u00e9\u00e2tre Amateur"},"content":{"rendered":"\n<p>Rendez-vous au <strong>Th\u00e9\u00e2tre de Bressuire le vendredi 28 mars 2025, \u00e0 20h30 !<\/strong><\/p>\n\n\n\n<p>Toute la troupe sera sur les planches pour vous pr\u00e9senter une derni\u00e8re fois le spectacle 2025 !<\/p>\n\n\n\n<p><\/p>\n\n\n\n<figure class=\"wp-block-image size-large\"><a href=\"https:\/\/www.lesmilleherons.fr\/wp-content\/uploads\/2025\/03\/TheatreDeBressuire2025.jpg\"><img loading=\"lazy\" decoding=\"async\" width=\"727\" height=\"1024\" src=\"https:\/\/www.lesmilleherons.fr\/wp-content\/uploads\/2025\/03\/TheatreDeBressuire2025-727x1024.jpg\" alt=\"\" class=\"wp-image-1823\" srcset=\"https:\/\/www.lesmilleherons.fr\/wp-content\/uploads\/2025\/03\/TheatreDeBressuire2025-727x1024.jpg 727w, https:\/\/www.lesmilleherons.fr\/wp-content\/uploads\/2025\/03\/TheatreDeBressuire2025-213x300.jpg 213w, https:\/\/www.lesmilleherons.fr\/wp-content\/uploads\/2025\/03\/TheatreDeBressuire2025-768x1082.jpg 768w, https:\/\/www.lesmilleherons.fr\/wp-content\/uploads\/2025\/03\/TheatreDeBressuire2025.jpg 1080w\" sizes=\"auto, (max-width: 727px) 100vw, 727px\" \/><\/a><\/figure>\n","protected":false},"excerpt":{"rendered":"<p>Rendez-vous au Th\u00e9\u00e2tre de Bressuire le vendredi 28 mars 2025, \u00e0 20h30 ! Toute la troupe sera sur les planches pour vous pr\u00e9senter une derni\u00e8re fois le spectacle 2025 !<\/p>\n","protected":false},"author":3,"featured_media":0,"comment_status":"open","ping_status":"open","sticky":true,"template":"","format":"standard","meta":{"footnotes":""},"categories":[6,4],"tags":[],"class_list":["post-1820","post","type-post","status-publish","format-standard","hentry","category-evenement","category-theatre"],"featured_image_src":"","featured_image_src_square":false,"author_info":{"display_name":"Les Mille H\u00e9rons","author_link":"https:\/\/www.lesmilleherons.fr\/?author=3"},"rbea_author_info":{"display_name":"Les Mille H\u00e9rons","author_link":"https:\/\/www.lesmilleherons.fr\/?author=3"},"rbea_excerpt_info":"Rendez-vous au Th\u00e9\u00e2tre de Bressuire le vendredi 28 mars 2025, \u00e0 20h30 ! Toute la troupe sera sur les planches pour vous pr\u00e9senter une derni\u00e8re fois le spectacle 2025 !","category_list":"<a href=\"https:\/\/www.lesmilleherons.fr\/?cat=6\" rel=\"category\">Ev\u00e9nement<\/a>, <a href=\"https:\/\/www.lesmilleherons.fr\/?cat=4\" rel=\"category\">Th\u00e9\u00e2tre<\/a>","comments_num":"0 comments","_links":{"self":[{"href":"https:\/\/www.lesmilleherons.fr\/index.php?rest_route=\/wp\/v2\/posts\/1820","targetHints":{"allow":["GET"]}}],"collection":[{"href":"https:\/\/www.lesmilleherons.fr\/index.php?rest_route=\/wp\/v2\/posts"}],"about":[{"href":"https:\/\/www.lesmilleherons.fr\/index.php?rest_route=\/wp\/v2\/types\/post"}],"author":[{"embeddable":true,"href":"https:\/\/www.lesmilleherons.fr\/index.php?rest_route=\/wp\/v2\/users\/3"}],"replies":[{"embeddable":true,"href":"https:\/\/www.lesmilleherons.fr\/index.php?rest_route=%2Fwp%2Fv2%2Fcomments&post=1820"}],"version-history":[{"count":1,"href":"https:\/\/www.lesmilleherons.fr\/index.php?rest_route=\/wp\/v2\/posts\/1820\/revisions"}],"predecessor-version":[{"id":1824,"href":"https:\/\/www.lesmilleherons.fr\/index.php?rest_route=\/wp\/v2\/posts\/1820\/revisions\/1824"}],"wp:attachment":[{"href":"https:\/\/www.lesmilleherons.fr\/index.php?rest_route=%2Fwp%2Fv2%2Fmedia&parent=1820"}],"wp:term":[{"taxonomy":"category","embeddable":true,"href":"https:\/\/www.lesmilleherons.fr\/index.php?rest_route=%2Fwp%2Fv2%2Fcategories&post=1820"},{"taxonomy":"post_tag","embeddable":true,"href":"https:\/\/www.lesmilleherons.fr\/index.php?rest_route=%2Fwp%2Fv2%2Ftags&post=1820"}],"curies":[{"name":"wp","href":"https:\/\/api.w.org\/{rel}","templated":true}]}}