{"id":1559,"date":"2019-01-17T21:32:02","date_gmt":"2019-01-17T21:32:02","guid":{"rendered":"http:\/\/www.lesmilleherons.fr\/?p=1559"},"modified":"2019-01-28T20:46:28","modified_gmt":"2019-01-28T20:46:28","slug":"1559","status":"publish","type":"post","link":"https:\/\/www.lesmilleherons.fr\/?p=1559","title":{"rendered":"Voici les dates des repr\u00e9sentations \u00e0 l&rsquo;ext\u00e9rieur !"},"content":{"rendered":"\n<p><\/p>\n\n\n\n<p>Bonjour \u00e0 tous&nbsp;!<\/p>\n\n\n\n<p><strong>La\ntroupe s&rsquo;envolera vers les communes avoisinantes le&nbsp;: <\/strong>\n<\/p>\n\n\n\n<ul class=\"wp-block-list\"><li>Samedi 2 f\u00e9vrier 2019 \u00e0 Luzay\n<\/li><li>Dimanche 3 f\u00e9vrier 2019 \u00e0 Luzay \n\t\n<\/li><li>Samedi 16 f\u00e9vrier 2019 \u00e0 Sainte Radegonde \n\t\n<\/li><li>Dimanche 17 f\u00e9vrier 2019 \u00e0  Breuil-Chauss\u00e9e \n\t\n<\/li><\/ul>\n\n\n\n<p>Horaire\u00a0: Les samedis \u00e0 20h30, les dimanches \u00e0 14h30<\/p>\n\n\n\n<p>Merci \u00e0 tous&nbsp;!!!<\/p>\n","protected":false},"excerpt":{"rendered":"<p>Bonjour \u00e0 tous&nbsp;! La troupe s&rsquo;envolera vers les communes avoisinantes le&nbsp;: Samedi 2 f\u00e9vrier 2019 \u00e0 Luzay Dimanche 3 f\u00e9vrier 2019 \u00e0 Luzay Samedi 16 f\u00e9vrier 2019 \u00e0 Sainte Radegonde Dimanche 17 f\u00e9vrier 2019 \u00e0 Breuil-Chauss\u00e9e Horaire\u00a0: Les samedis \u00e0 20h30, les dimanches \u00e0 14h30 Merci \u00e0 tous&nbsp;!!!<\/p>\n","protected":false},"author":3,"featured_media":0,"comment_status":"open","ping_status":"open","sticky":true,"template":"","format":"standard","meta":{"footnotes":""},"categories":[4],"tags":[],"class_list":["post-1559","post","type-post","status-publish","format-standard","hentry","category-theatre"],"featured_image_src":"","featured_image_src_square":false,"author_info":{"display_name":"Les Mille H\u00e9rons","author_link":"https:\/\/www.lesmilleherons.fr\/?author=3"},"rbea_author_info":{"display_name":"Les Mille H\u00e9rons","author_link":"https:\/\/www.lesmilleherons.fr\/?author=3"},"rbea_excerpt_info":"Bonjour \u00e0 tous&nbsp;! La troupe s&rsquo;envolera vers les communes avoisinantes le&nbsp;: Samedi 2 f\u00e9vrier 2019 \u00e0 Luzay Dimanche 3 f\u00e9vrier 2019 \u00e0 Luzay Samedi 16 f\u00e9vrier 2019 \u00e0 Sainte Radegonde Dimanche 17 f\u00e9vrier 2019 \u00e0 Breuil-Chauss\u00e9e Horaire\u00a0: Les samedis \u00e0 20h30, les dimanches \u00e0 14h30 Merci \u00e0 tous&nbsp;!!!","category_list":"<a href=\"https:\/\/www.lesmilleherons.fr\/?cat=4\" rel=\"category\">Th\u00e9\u00e2tre<\/a>","comments_num":"0 comments","_links":{"self":[{"href":"https:\/\/www.lesmilleherons.fr\/index.php?rest_route=\/wp\/v2\/posts\/1559","targetHints":{"allow":["GET"]}}],"collection":[{"href":"https:\/\/www.lesmilleherons.fr\/index.php?rest_route=\/wp\/v2\/posts"}],"about":[{"href":"https:\/\/www.lesmilleherons.fr\/index.php?rest_route=\/wp\/v2\/types\/post"}],"author":[{"embeddable":true,"href":"https:\/\/www.lesmilleherons.fr\/index.php?rest_route=\/wp\/v2\/users\/3"}],"replies":[{"embeddable":true,"href":"https:\/\/www.lesmilleherons.fr\/index.php?rest_route=%2Fwp%2Fv2%2Fcomments&post=1559"}],"version-history":[{"count":3,"href":"https:\/\/www.lesmilleherons.fr\/index.php?rest_route=\/wp\/v2\/posts\/1559\/revisions"}],"predecessor-version":[{"id":1569,"href":"https:\/\/www.lesmilleherons.fr\/index.php?rest_route=\/wp\/v2\/posts\/1559\/revisions\/1569"}],"wp:attachment":[{"href":"https:\/\/www.lesmilleherons.fr\/index.php?rest_route=%2Fwp%2Fv2%2Fmedia&parent=1559"}],"wp:term":[{"taxonomy":"category","embeddable":true,"href":"https:\/\/www.lesmilleherons.fr\/index.php?rest_route=%2Fwp%2Fv2%2Fcategories&post=1559"},{"taxonomy":"post_tag","embeddable":true,"href":"https:\/\/www.lesmilleherons.fr\/index.php?rest_route=%2Fwp%2Fv2%2Ftags&post=1559"}],"curies":[{"name":"wp","href":"https:\/\/api.w.org\/{rel}","templated":true}]}}