{"id":1242,"date":"2013-10-08T16:52:54","date_gmt":"2013-10-08T16:52:54","guid":{"rendered":"http:\/\/www.lesmilleherons.fr\/?p=1242"},"modified":"2013-12-21T11:43:33","modified_gmt":"2013-12-21T11:43:33","slug":"les-dates-des-seances-pour-la-saison-2013-2014","status":"publish","type":"post","link":"https:\/\/www.lesmilleherons.fr\/?p=1242","title":{"rendered":"R\u00e9servez vos s\u00e9ances pour la saison 2013-2014 !"},"content":{"rendered":"<p>C&rsquo;est parti pour la saison 2014, voici les s\u00e9ances qui seront effectu\u00e9es \u00e0 la salle socio-\u00e9ducative de Saint-Aubin du Plain :<\/p>\n<p style=\"text-align: center;\"><strong>Les Samedis 11, 18 et 25 Janvier \u00e0 20h30<\/strong><br \/>\n<strong> Les Dimanches 12 et 19 Janvier \u00e0 14h30<\/strong><br \/>\n<strong> Le Vendredi 24 Janvier \u00e0 20h30<\/strong><\/p>\n<p>Pour les r\u00e9servations, vous pouvez appeler au :<\/p>\n<p><strong>05-49-80-21-57<\/strong> ou <strong>06-86-03-76-95<\/strong><\/p>\n<p>Et voici l&rsquo;affiche du spectacle pr\u00e9sent\u00e9 cette ann\u00e9e :<\/p>\n<p style=\"text-align: center;\"><a href=\"https:\/\/www.lesmilleherons.fr\/wp-content\/uploads\/2013\/10\/Affiche-Th\u00e9\u00e2tre-2014.jpg\"><img loading=\"lazy\" decoding=\"async\" class=\"alignnone  wp-image-1257\" alt=\"Affiche Th\u00e9\u00e2tre 2014\" src=\"https:\/\/www.lesmilleherons.fr\/wp-content\/uploads\/2013\/10\/Affiche-Th\u00e9\u00e2tre-2014-212x300.jpg\" width=\"268\" height=\"379\" srcset=\"https:\/\/www.lesmilleherons.fr\/wp-content\/uploads\/2013\/10\/Affiche-Th\u00e9\u00e2tre-2014-212x300.jpg 212w, https:\/\/www.lesmilleherons.fr\/wp-content\/uploads\/2013\/10\/Affiche-Th\u00e9\u00e2tre-2014-724x1024.jpg 724w, https:\/\/www.lesmilleherons.fr\/wp-content\/uploads\/2013\/10\/Affiche-Th\u00e9\u00e2tre-2014.jpg 1191w\" sizes=\"auto, (max-width: 268px) 100vw, 268px\" \/><\/a><\/p>\n<p style=\"text-align: center;\">(cliquer pour agrandir)<\/p>\n","protected":false},"excerpt":{"rendered":"<p>C&rsquo;est parti pour la saison 2014, voici les s\u00e9ances qui seront effectu\u00e9es \u00e0 la salle socio-\u00e9ducative de Saint-Aubin du Plain : Les Samedis 11, 18 et 25 Janvier \u00e0 20h30 Les Dimanches 12 et 19 Janvier \u00e0 14h30 Le Vendredi 24 Janvier \u00e0 20h30 Pour les r\u00e9servations, vous pouvez appeler au : 05-49-80-21-57 ou 06-86-03-76-95 [&hellip;]<\/p>\n","protected":false},"author":3,"featured_media":0,"comment_status":"open","ping_status":"open","sticky":false,"template":"","format":"standard","meta":{"footnotes":""},"categories":[4],"tags":[],"class_list":["post-1242","post","type-post","status-publish","format-standard","hentry","category-theatre"],"featured_image_src":"","featured_image_src_square":false,"author_info":{"display_name":"Les Mille H\u00e9rons","author_link":"https:\/\/www.lesmilleherons.fr\/?author=3"},"rbea_author_info":{"display_name":"Les Mille H\u00e9rons","author_link":"https:\/\/www.lesmilleherons.fr\/?author=3"},"rbea_excerpt_info":"C&rsquo;est parti pour la saison 2014, voici les s\u00e9ances qui seront effectu\u00e9es \u00e0 la salle socio-\u00e9ducative de Saint-Aubin du Plain : Les Samedis 11, 18 et 25 Janvier \u00e0 20h30 Les Dimanches 12 et 19 Janvier \u00e0 14h30 Le Vendredi 24 Janvier \u00e0 20h30 Pour les r\u00e9servations, vous pouvez appeler au : 05-49-80-21-57 ou 06-86-03-76-95 [&hellip;]","category_list":"<a href=\"https:\/\/www.lesmilleherons.fr\/?cat=4\" rel=\"category\">Th\u00e9\u00e2tre<\/a>","comments_num":"0 comments","_links":{"self":[{"href":"https:\/\/www.lesmilleherons.fr\/index.php?rest_route=\/wp\/v2\/posts\/1242","targetHints":{"allow":["GET"]}}],"collection":[{"href":"https:\/\/www.lesmilleherons.fr\/index.php?rest_route=\/wp\/v2\/posts"}],"about":[{"href":"https:\/\/www.lesmilleherons.fr\/index.php?rest_route=\/wp\/v2\/types\/post"}],"author":[{"embeddable":true,"href":"https:\/\/www.lesmilleherons.fr\/index.php?rest_route=\/wp\/v2\/users\/3"}],"replies":[{"embeddable":true,"href":"https:\/\/www.lesmilleherons.fr\/index.php?rest_route=%2Fwp%2Fv2%2Fcomments&post=1242"}],"version-history":[{"count":6,"href":"https:\/\/www.lesmilleherons.fr\/index.php?rest_route=\/wp\/v2\/posts\/1242\/revisions"}],"predecessor-version":[{"id":1259,"href":"https:\/\/www.lesmilleherons.fr\/index.php?rest_route=\/wp\/v2\/posts\/1242\/revisions\/1259"}],"wp:attachment":[{"href":"https:\/\/www.lesmilleherons.fr\/index.php?rest_route=%2Fwp%2Fv2%2Fmedia&parent=1242"}],"wp:term":[{"taxonomy":"category","embeddable":true,"href":"https:\/\/www.lesmilleherons.fr\/index.php?rest_route=%2Fwp%2Fv2%2Fcategories&post=1242"},{"taxonomy":"post_tag","embeddable":true,"href":"https:\/\/www.lesmilleherons.fr\/index.php?rest_route=%2Fwp%2Fv2%2Ftags&post=1242"}],"curies":[{"name":"wp","href":"https:\/\/api.w.org\/{rel}","templated":true}]}}