{"id":1209,"date":"2012-11-28T14:05:03","date_gmt":"2012-11-28T14:05:03","guid":{"rendered":"http:\/\/www.lesmilleherons.fr\/?p=1209"},"modified":"2012-11-28T14:05:11","modified_gmt":"2012-11-28T14:05:11","slug":"reservez-vos-dates","status":"publish","type":"post","link":"https:\/\/www.lesmilleherons.fr\/?p=1209","title":{"rendered":"R\u00e9servez vos dates !"},"content":{"rendered":"<p>C&rsquo;est parti pour la saison 2013, voici les s\u00e9ances qui seront effectu\u00e9es \u00e0 la salle socio-\u00e9ducative de Saint-Aubin du Plain :<\/p>\n<p style=\"text-align: center;\">Les Samedis 12, 19 et 26 Janvier \u00e0 20h30<br \/>\nLes Dimanches 13 et 20 Janvier \u00e0 14h00<br \/>\nLe Vendredi 25 Janvier \u00e0 20h30<\/p>\n<p>Pour les r\u00e9servations, vous pouvez appeler au :<\/p>\n<p style=\"text-align: center;\"><strong>05-49-80-21-57<\/strong> ou <strong>06-86-03-76-95<\/strong><\/p>\n<p style=\"text-align: justify;\">Et voici l&rsquo;affiche du spectacle pr\u00e9sent\u00e9 cette ann\u00e9e :<\/p>\n<p><a href=\"https:\/\/www.lesmilleherons.fr\/wp-content\/uploads\/2012\/11\/tract_theatre.png\"><img loading=\"lazy\" decoding=\"async\" class=\"size-medium wp-image-1210 aligncenter\" title=\"tract_theatre\" src=\"https:\/\/www.lesmilleherons.fr\/wp-content\/uploads\/2012\/11\/tract_theatre-212x300.png\" alt=\"\" width=\"212\" height=\"300\" srcset=\"https:\/\/www.lesmilleherons.fr\/wp-content\/uploads\/2012\/11\/tract_theatre-212x300.png 212w, https:\/\/www.lesmilleherons.fr\/wp-content\/uploads\/2012\/11\/tract_theatre.png 637w\" sizes=\"auto, (max-width: 212px) 100vw, 212px\" \/><\/a><\/p>\n","protected":false},"excerpt":{"rendered":"<p>C&rsquo;est parti pour la saison 2013, voici les s\u00e9ances qui seront effectu\u00e9es \u00e0 la salle socio-\u00e9ducative de Saint-Aubin du Plain : Les Samedis 12, 19 et 26 Janvier \u00e0 20h30 Les Dimanches 13 et 20 Janvier \u00e0 14h00 Le Vendredi 25 Janvier \u00e0 20h30 Pour les r\u00e9servations, vous pouvez appeler au : 05-49-80-21-57 ou 06-86-03-76-95 [&hellip;]<\/p>\n","protected":false},"author":3,"featured_media":0,"comment_status":"open","ping_status":"open","sticky":false,"template":"","format":"standard","meta":{"footnotes":""},"categories":[4],"tags":[],"class_list":["post-1209","post","type-post","status-publish","format-standard","hentry","category-theatre"],"featured_image_src":"","featured_image_src_square":false,"author_info":{"display_name":"Les Mille H\u00e9rons","author_link":"https:\/\/www.lesmilleherons.fr\/?author=3"},"rbea_author_info":{"display_name":"Les Mille H\u00e9rons","author_link":"https:\/\/www.lesmilleherons.fr\/?author=3"},"rbea_excerpt_info":"C&rsquo;est parti pour la saison 2013, voici les s\u00e9ances qui seront effectu\u00e9es \u00e0 la salle socio-\u00e9ducative de Saint-Aubin du Plain : Les Samedis 12, 19 et 26 Janvier \u00e0 20h30 Les Dimanches 13 et 20 Janvier \u00e0 14h00 Le Vendredi 25 Janvier \u00e0 20h30 Pour les r\u00e9servations, vous pouvez appeler au : 05-49-80-21-57 ou 06-86-03-76-95 [&hellip;]","category_list":"<a href=\"https:\/\/www.lesmilleherons.fr\/?cat=4\" rel=\"category\">Th\u00e9\u00e2tre<\/a>","comments_num":"1 comment","_links":{"self":[{"href":"https:\/\/www.lesmilleherons.fr\/index.php?rest_route=\/wp\/v2\/posts\/1209","targetHints":{"allow":["GET"]}}],"collection":[{"href":"https:\/\/www.lesmilleherons.fr\/index.php?rest_route=\/wp\/v2\/posts"}],"about":[{"href":"https:\/\/www.lesmilleherons.fr\/index.php?rest_route=\/wp\/v2\/types\/post"}],"author":[{"embeddable":true,"href":"https:\/\/www.lesmilleherons.fr\/index.php?rest_route=\/wp\/v2\/users\/3"}],"replies":[{"embeddable":true,"href":"https:\/\/www.lesmilleherons.fr\/index.php?rest_route=%2Fwp%2Fv2%2Fcomments&post=1209"}],"version-history":[{"count":2,"href":"https:\/\/www.lesmilleherons.fr\/index.php?rest_route=\/wp\/v2\/posts\/1209\/revisions"}],"predecessor-version":[{"id":1212,"href":"https:\/\/www.lesmilleherons.fr\/index.php?rest_route=\/wp\/v2\/posts\/1209\/revisions\/1212"}],"wp:attachment":[{"href":"https:\/\/www.lesmilleherons.fr\/index.php?rest_route=%2Fwp%2Fv2%2Fmedia&parent=1209"}],"wp:term":[{"taxonomy":"category","embeddable":true,"href":"https:\/\/www.lesmilleherons.fr\/index.php?rest_route=%2Fwp%2Fv2%2Fcategories&post=1209"},{"taxonomy":"post_tag","embeddable":true,"href":"https:\/\/www.lesmilleherons.fr\/index.php?rest_route=%2Fwp%2Fv2%2Ftags&post=1209"}],"curies":[{"name":"wp","href":"https:\/\/api.w.org\/{rel}","templated":true}]}}